{"id":1677,"date":"2026-04-21T12:22:13","date_gmt":"2026-04-21T10:22:13","guid":{"rendered":"https:\/\/ops.dwikozy.gmina.pl\/?p=1677"},"modified":"2026-04-21T12:23:41","modified_gmt":"2026-04-21T10:23:41","slug":"asystent-osobisty-osoby-z-niepelnosprawnoscia-dla-jednostek-samorzadu-terytorialnego-edycja-2026","status":"publish","type":"post","link":"https:\/\/ops.dwikozy.gmina.pl\/index.php\/2026\/04\/21\/asystent-osobisty-osoby-z-niepelnosprawnoscia-dla-jednostek-samorzadu-terytorialnego-edycja-2026\/","title":{"rendered":"Asystent osobisty osoby z niepe\u0142nosprawno\u015bci\u0105\u201d dla Jednostek Samorz\u0105du Terytorialnego\u2013 edycja 2026"},"content":{"rendered":"<div class=\"wp-block-image\">\n<figure class=\"aligncenter size-large\"><img loading=\"lazy\" decoding=\"async\" width=\"1024\" height=\"341\" src=\"https:\/\/ops.dwikozy.gmina.pl\/wp-content\/uploads\/2024\/04\/znaki_strona_www-1024x341.png\" alt=\"\" class=\"wp-image-1363\" srcset=\"https:\/\/ops.dwikozy.gmina.pl\/wp-content\/uploads\/2024\/04\/znaki_strona_www-1024x341.png 1024w, https:\/\/ops.dwikozy.gmina.pl\/wp-content\/uploads\/2024\/04\/znaki_strona_www-300x100.png 300w, https:\/\/ops.dwikozy.gmina.pl\/wp-content\/uploads\/2024\/04\/znaki_strona_www-768x256.png 768w, https:\/\/ops.dwikozy.gmina.pl\/wp-content\/uploads\/2024\/04\/znaki_strona_www-1536x511.png 1536w, https:\/\/ops.dwikozy.gmina.pl\/wp-content\/uploads\/2024\/04\/znaki_strona_www.png 1751w\" sizes=\"auto, (max-width: 1024px) 100vw, 1024px\" \/><\/figure>\n<\/div>\n\n\n<p class=\"has-text-align-center has-large-font-size\"><strong>DOFINANSOWANO ZE \u015aRODK\u00d3W FUNDUSZU SOLIDARNO\u015aCIOWEGO<\/strong><\/p>\n\n\n\n<p class=\"has-text-align-center has-large-font-size\"><strong>PROGRAM<\/strong> \u201e<strong>ASYSTENT OSOBISTY OSOBY\u00a0<\/strong><br><strong>Z NIEPE\u0141NOSPRAWNO\u015aCI\u0104\u201d<br>DLA JEDNOSTEK SAMORZ\u0104DU TERYTORIALNEGO<br>\u2013 EDYCJA 2026<\/strong><\/p>\n\n\n\n<p class=\"has-text-align-center has-large-font-size\"><strong>DOFINANSOWANIE<br>545\u00a0410,00 Z\u0141<\/strong><\/p>\n\n\n\n<p class=\"has-text-align-center has-medium-font-size\"><strong>CA\u0141KOWITA WARTO\u015a\u0106<br>545\u00a0410,00 Z\u0141<\/strong><\/p>\n\n\n\n<p class=\"has-text-align-center\"><strong>Data podpisania umowy:<\/strong><br><strong>Stycze\u0144 2026 r.<\/strong><\/p>\n\n\n\n<hr class=\"wp-block-separator has-alpha-channel-opacity\"\/>\n\n\n\n<p><strong>Program \u201eAsystent osobisty osoby z&nbsp;niepe\u0142nosprawno\u015bci\u0105\u201d dla Jednostek Samorz\u0105du Terytorialnego \u2013 edycja 2026<\/strong><\/p>\n\n\n\n<p>Dnia 15 stycznia 2026 r. podpisana zosta\u0142a umowa na&nbsp;finansowanie zadania realizowanego w&nbsp;ramach Funduszu Solidarno\u015bciowego <strong>\u201eAsystent osobisty osoby z&nbsp;niepe\u0142nosprawno\u015bci\u0105\u201d dla Jednostek Samorz\u0105du Terytorialnego \u2013 edycja 2026.<\/strong><\/p>\n\n\n\n<p>Wykonawc\u0105 zadania jest O\u015brodek Pomocy Spo\u0142ecznej w&nbsp;Dwikozach.<\/p>\n\n\n\n<p>Program finansowany jest ze \u015brodk\u00f3w Funduszu Solidarno\u015bciowego.<\/p>\n\n\n\n<p>Warto\u015b\u0107 otrzymanego dofinansowania wynosi: <strong>545 410,00 z\u0142.<\/strong><\/p>\n\n\n\n<p>Okres realizacji Programu na&nbsp;terenie Gminy Dwikozy: stycze\u0144- grudzie\u0144 2026 r.<\/p>\n\n\n\n<p><strong>CELE PROGRAMU :<\/strong><\/p>\n\n\n\n<p>G\u0142\u00f3wnym celem Programu jest wprowadzenie us\u0142ug asystencji osobistej jako formy og\u00f3lnodost\u0119pnego wsparcia w&nbsp;wykonywaniu codziennych czynno\u015bci oraz&nbsp;funkcjonowaniu w&nbsp;\u017cyciu spo\u0142ecznym.<\/p>\n\n\n\n<p>Us\u0142ugi asystencji maj\u0105 na&nbsp;celu zwi\u0119kszenie szans os\u00f3b z niepe\u0142nosprawno\u015bciami na&nbsp;prowadzenie bardziej niezale\u017cnego\/samodzielnego i&nbsp;aktywnego \u017cycia. Tak wi\u0119c&nbsp;nadrz\u0119dnym celem us\u0142ug asystencji osobistej powinno by\u0107 d\u0105\u017cenie do poprawy funkcjonowania osoby z&nbsp;niepe\u0142nosprawno\u015bci\u0105 w&nbsp;jej \u015brodowisku, zwi\u0119kszenia mo\u017cliwo\u015bci zaspokajania jej potrzeb oraz w\u0142\u0105czenia jej w \u017cycie spo\u0142eczne.<\/p>\n\n\n\n<p><strong>Us\u0142ugi asystencji osobistej \u015bwiadczone s\u0105 bezp\u0142atnie w&nbsp;ilo\u015bci okre\u015blonej indywidualnie dla ka\u017cdego uczestnika<\/strong>.<\/p>\n\n\n\n<p><strong>NA CZYM B\u0118D\u0104 POLEGA\u0106 US\u0141UGI ASYSTENTA :&nbsp;<\/strong><\/p>\n\n\n\n<p>Us\u0142ugi asystencji osobistej polegaj\u0105 na wspieraniu przez asystenta osoby z&nbsp;niepe\u0142nosprawno\u015bci\u0105 w r\u00f3\u017cnych sferach \u017cycia.<\/p>\n\n\n\n<p>Us\u0142uga asystencji osobistej na&nbsp;terenie szko\u0142y&nbsp; lub plac\u00f3wki o\u015bwiatowej mo\u017ce by\u0107 realizowana wy\u0142\u0105cznie w&nbsp;przypadku, gdy szko\u0142a nie zapewnia tej us\u0142ugi.<\/p>\n\n\n\n<p><strong>REALIZACJA PROGRAMU:<\/strong><\/p>\n\n\n\n<p>Planowana \u0142\u0105czna liczba godzin us\u0142ug asystencji osobistej w&nbsp;okresie od 01.01-2026 r. \u2013 31.12.2026 r. &#8211; wynosi 9900 w&nbsp;skali roku.<\/p>\n\n\n\n<p><a><\/a>W ramach realizacji Programu wsparciem obj\u0119tych zosta\u0142o:<\/p>\n\n\n\n<p>29 os\u00f3b z&nbsp;niepe\u0142nosprawno\u015bci\u0105, w tym jedno dziecko w wieku od uko\u0144czenia 2. roku \u017cycia do uko\u0144czenia 16. roku \u017cycia spe\u0142niaj\u0105ce zapisy cz\u0119\u015bci III Programu<br>przy udziale:<\/p>\n\n\n\n<p>25 asystent\u00f3w osobistych.<\/p>\n\n\n\n<p><strong>SPOS\u00d3B ZG\u0141OSZENIA DO PROGRAMU:<\/strong><\/p>\n\n\n\n<p>Gmina przyznaje us\u0142ug\u0119 asystenta na\u00a0podstawie Karty zg\u0142oszenia do Programu \u201eAsystent osobisty osoby z\u00a0niepe\u0142nosprawno\u015bci\u0105\u201d dla Jednostek Samorz\u0105du Terytorialnego \u2013 edycja 2026 oraz na podstawie dokonanej oceny indywidualnej sytuacji osoby z\u00a0niepe\u0142nosprawno\u015bci\u0105. Szczeg\u00f3\u0142owych informacji \u00a0dotycz\u0105cych Programu \u201eAsystent osobisty osoby z\u00a0niepe\u0142nosprawno\u015bci\u0105\u201d dla Jednostek Samorz\u0105du Terytorialnego\u2013 edycja 2026, \u00a0mo\u017cna uzyska\u0107 w\u00a0siedzibie <strong>O\u015brodka Pomocy Spo\u0142ecznej w\u00a0Dwikozach, ul. Sp\u00f3\u0142dzielcza 15<\/strong><strong>od poniedzia\u0142ku do pi\u0105tku w godzinach od 7:00 do 15:00 lub\u00a0pod numerem telefonu 158311816. <\/strong><strong>Kontaktowa\u0107 mo\u017cna si\u0119 r\u00f3wnie\u017c drog\u0105 mailow\u0105, adres e-mail: ops@dwikozy.gmina.pl.<\/strong><\/p>\n","protected":false},"excerpt":{"rendered":"<p>DOFINANSOWANO ZE \u015aRODK\u00d3W FUNDUSZU SOLIDARNO\u015aCIOWEGO PROGRAM \u201eASYSTENT OSOBISTY OSOBY\u00a0Z NIEPE\u0141NOSPRAWNO\u015aCI\u0104\u201dDLA JEDNOSTEK SAMORZ\u0104DU TERYTORIALNEGO\u2013 EDYCJA 2026 DOFINANSOWANIE545\u00a0410,00 Z\u0141 CA\u0141KOWITA WARTO\u015a\u0106545\u00a0410,00 Z\u0141<\/p>\n","protected":false},"author":1,"featured_media":1678,"comment_status":"closed","ping_status":"closed","sticky":false,"template":"","format":"standard","meta":{"ngg_post_thumbnail":0,"footnotes":""},"categories":[20,30],"tags":[],"class_list":["post-1677","post","type-post","status-publish","format-standard","has-post-thumbnail","hentry","category-aktualnosci","category-asystent-osobisty"],"_links":{"self":[{"href":"https:\/\/ops.dwikozy.gmina.pl\/index.php\/wp-json\/wp\/v2\/posts\/1677","targetHints":{"allow":["GET"]}}],"collection":[{"href":"https:\/\/ops.dwikozy.gmina.pl\/index.php\/wp-json\/wp\/v2\/posts"}],"about":[{"href":"https:\/\/ops.dwikozy.gmina.pl\/index.php\/wp-json\/wp\/v2\/types\/post"}],"author":[{"embeddable":true,"href":"https:\/\/ops.dwikozy.gmina.pl\/index.php\/wp-json\/wp\/v2\/users\/1"}],"replies":[{"embeddable":true,"href":"https:\/\/ops.dwikozy.gmina.pl\/index.php\/wp-json\/wp\/v2\/comments?post=1677"}],"version-history":[{"count":1,"href":"https:\/\/ops.dwikozy.gmina.pl\/index.php\/wp-json\/wp\/v2\/posts\/1677\/revisions"}],"predecessor-version":[{"id":1679,"href":"https:\/\/ops.dwikozy.gmina.pl\/index.php\/wp-json\/wp\/v2\/posts\/1677\/revisions\/1679"}],"wp:featuredmedia":[{"embeddable":true,"href":"https:\/\/ops.dwikozy.gmina.pl\/index.php\/wp-json\/wp\/v2\/media\/1678"}],"wp:attachment":[{"href":"https:\/\/ops.dwikozy.gmina.pl\/index.php\/wp-json\/wp\/v2\/media?parent=1677"}],"wp:term":[{"taxonomy":"category","embeddable":true,"href":"https:\/\/ops.dwikozy.gmina.pl\/index.php\/wp-json\/wp\/v2\/categories?post=1677"},{"taxonomy":"post_tag","embeddable":true,"href":"https:\/\/ops.dwikozy.gmina.pl\/index.php\/wp-json\/wp\/v2\/tags?post=1677"}],"curies":[{"name":"wp","href":"https:\/\/api.w.org\/{rel}","templated":true}]}}