{"id":190,"date":"2019-08-02T18:39:24","date_gmt":"2019-08-02T16:39:24","guid":{"rendered":"http:\/\/ops.dwikozy.gmina.pl\/?p=190"},"modified":"2019-08-02T18:41:40","modified_gmt":"2019-08-02T16:41:40","slug":"informacja-organizacyjna","status":"publish","type":"post","link":"https:\/\/ops.dwikozy.gmina.pl\/index.php\/2019\/08\/02\/informacja-organizacyjna\/","title":{"rendered":"Informacja organizacyjna"},"content":{"rendered":"<p style=\"text-align: center;\"><strong>O\u015brodek Pomocy Spo\u0142ecznej w Dwikozach<\/strong> informuje, \u017ce:<\/p>\n<p style=\"text-align: center;\">Interesanci w sprawach: \u015bwiadcze\u0144 rodzinnych; \u015bwiadcze\u0144 z funduszu alimentacyjnego; \u015bwiadczenia wychowawczego; \u015bwiadczenia \u201edobry start\u201d<\/p>\n<p style=\"text-align: center;\">pocz\u0105wszy od dnia <strong>12 sierpnia 2019 r.<\/strong><br \/>b\u0119d\u0105 przyjmowani w pokoju <strong>nr 32<\/strong><br \/><strong>od poniedzia\u0142ku do czwartku<\/strong> <br \/>w godzinach<strong> od 7:00 do 14:45<\/strong> (ostatnia osoba).<\/p>\n<p style=\"text-align: center;\"><strong>Pi\u0105tek jest dniem bez interesanta w dziale \u015bwiadcze\u0144 rodzinnych.<\/strong><\/p>\n\n\n<p><\/p>\n","protected":false},"excerpt":{"rendered":"<p>O\u015brodek Pomocy Spo\u0142ecznej w Dwikozach informuje, \u017ce: Interesanci w sprawach: \u015bwiadcze\u0144 rodzinnych; \u015bwiadcze\u0144 z funduszu alimentacyjnego; \u015bwiadczenia wychowawczego; \u015bwiadczenia \u201edobry<\/p>\n","protected":false},"author":1,"featured_media":192,"comment_status":"closed","ping_status":"closed","sticky":false,"template":"","format":"standard","meta":{"ngg_post_thumbnail":0,"footnotes":""},"categories":[20],"tags":[],"class_list":["post-190","post","type-post","status-publish","format-standard","has-post-thumbnail","hentry","category-aktualnosci"],"_links":{"self":[{"href":"https:\/\/ops.dwikozy.gmina.pl\/index.php\/wp-json\/wp\/v2\/posts\/190","targetHints":{"allow":["GET"]}}],"collection":[{"href":"https:\/\/ops.dwikozy.gmina.pl\/index.php\/wp-json\/wp\/v2\/posts"}],"about":[{"href":"https:\/\/ops.dwikozy.gmina.pl\/index.php\/wp-json\/wp\/v2\/types\/post"}],"author":[{"embeddable":true,"href":"https:\/\/ops.dwikozy.gmina.pl\/index.php\/wp-json\/wp\/v2\/users\/1"}],"replies":[{"embeddable":true,"href":"https:\/\/ops.dwikozy.gmina.pl\/index.php\/wp-json\/wp\/v2\/comments?post=190"}],"version-history":[{"count":0,"href":"https:\/\/ops.dwikozy.gmina.pl\/index.php\/wp-json\/wp\/v2\/posts\/190\/revisions"}],"wp:featuredmedia":[{"embeddable":true,"href":"https:\/\/ops.dwikozy.gmina.pl\/index.php\/wp-json\/wp\/v2\/media\/192"}],"wp:attachment":[{"href":"https:\/\/ops.dwikozy.gmina.pl\/index.php\/wp-json\/wp\/v2\/media?parent=190"}],"wp:term":[{"taxonomy":"category","embeddable":true,"href":"https:\/\/ops.dwikozy.gmina.pl\/index.php\/wp-json\/wp\/v2\/categories?post=190"},{"taxonomy":"post_tag","embeddable":true,"href":"https:\/\/ops.dwikozy.gmina.pl\/index.php\/wp-json\/wp\/v2\/tags?post=190"}],"curies":[{"name":"wp","href":"https:\/\/api.w.org\/{rel}","templated":true}]}}