{"id":326,"date":"2019-02-22T14:18:00","date_gmt":"2019-02-22T13:18:00","guid":{"rendered":"http:\/\/ops.dwikozy.gmina.pl\/?p=326"},"modified":"2020-09-15T14:20:47","modified_gmt":"2020-09-15T12:20:47","slug":"informacja-o-zakwalifikowaniu-do-udzialu-w-projekcie-16-osob","status":"publish","type":"post","link":"https:\/\/ops.dwikozy.gmina.pl\/index.php\/2019\/02\/22\/informacja-o-zakwalifikowaniu-do-udzialu-w-projekcie-16-osob\/","title":{"rendered":"Informacja o zakwalifikowaniu do udzia\u0142u w projekcie 16 os\u00f3b"},"content":{"rendered":"\n<p>Informujemy, \u017ce w dniu 22 luty 2019 r Komisja rekrutacyjna zakwalifikowa\u0142a do udzia\u0142u w projekcie 16 os\u00f3b \u2013 mieszka\u0144c\u00f3w gminy Dwikozy. Uczestnicy zostan\u0105 obj\u0119ci wsparciem:<\/p>\n\n\n\n<p>&#8211; zaj\u0119cia z psychologiem indywidualne w wymiarze 10 godzin na uczestnika w okresie marzec 2019 \u2013 grudzie\u0144 2019<\/p>\n\n\n\n<p>-zaj\u0119cia grupowe z psychologiem w wymiarze 30 godzin \/grupa w okresie marzec 2019 \u2013 grudzie\u0144 2019<\/p>\n\n\n\n<p>-doradztwo prawo \u2013 socjalne indywidualne w ilo\u015bci 6 godzin na uczestnika w okresie marzec 2019 \u2013 grudzie\u0144 2019<\/p>\n\n\n\n<p>&#8211; zaj\u0119cia warsztatowe z zagadnie\u0144 prawno- socjalnych w ilo\u015bci 24 godzin \/ grupa w okresie marzec 201 grudzie\u0144 2019<\/p>\n\n\n\n<p>&#8211; zaj\u0119cia indywidualne i ( 5 godzin na uczestnika) i grupowe (30 godzin \/grupa) z dorad\u0105 zawodowym w okresie maj 201 \u2013 grudzie\u0144 2019<\/p>\n\n\n\n<p>&#8211; szkolenia zawodowe w zakresie : opiekunka \u015brodowiskowa, operator w\u00f3zk\u00f3w jezdniowych, profesjonalna pomoc kuchenna<\/p>\n\n\n\n<p>&#8211; sta\u017ce zawodowe dla 13 os\u00f3b w okresie sycze\u0144 2020 &#8211; listopad 2020 zgodnie z preferencjami uczestnika<\/p>\n\n\n\n<p>&#8211; opieka po\u015brednika zawodowego po odbytych sta\u017cach<\/p>\n\n\n\n<p>&#8211; wsparcie w ramach projektu jest bezp\u0142atne.<\/p>\n\n\n\n<p>&#8211; ponadto ka\u017cdy uczestnik bior\u0105cy udzia\u0142 w szkoleniach zawodowych, oraz sta\u017cu otrzyma :<\/p>\n\n\n\n<p>-stypendium szkoleniowe ,<\/p>\n\n\n\n<p>&#8211; zwrot koszt\u00f3w dojazdu na szkoleni,<\/p>\n\n\n\n<p>&#8211; stypendium sta\u017cowe,<\/p>\n\n\n\n<p>&#8211; zwrot koszt\u00f3w na sta\u017ce.<\/p>\n","protected":false},"excerpt":{"rendered":"<p>Informujemy, \u017ce w dniu 22 luty 2019 r Komisja rekrutacyjna zakwalifikowa\u0142a do udzia\u0142u w projekcie 16 os\u00f3b \u2013 mieszka\u0144c\u00f3w gminy<\/p>\n","protected":false},"author":1,"featured_media":325,"comment_status":"closed","ping_status":"closed","sticky":false,"template":"","format":"standard","meta":{"ngg_post_thumbnail":0,"footnotes":""},"categories":[18,17],"tags":[],"class_list":["post-326","post","type-post","status-publish","format-standard","has-post-thumbnail","hentry","category-projekt-w-ramach-rpo-wojewodztwa-swietokrzyskiego-na-lata-2014-2020","category-projekty-unijne"],"_links":{"self":[{"href":"https:\/\/ops.dwikozy.gmina.pl\/index.php\/wp-json\/wp\/v2\/posts\/326","targetHints":{"allow":["GET"]}}],"collection":[{"href":"https:\/\/ops.dwikozy.gmina.pl\/index.php\/wp-json\/wp\/v2\/posts"}],"about":[{"href":"https:\/\/ops.dwikozy.gmina.pl\/index.php\/wp-json\/wp\/v2\/types\/post"}],"author":[{"embeddable":true,"href":"https:\/\/ops.dwikozy.gmina.pl\/index.php\/wp-json\/wp\/v2\/users\/1"}],"replies":[{"embeddable":true,"href":"https:\/\/ops.dwikozy.gmina.pl\/index.php\/wp-json\/wp\/v2\/comments?post=326"}],"version-history":[{"count":0,"href":"https:\/\/ops.dwikozy.gmina.pl\/index.php\/wp-json\/wp\/v2\/posts\/326\/revisions"}],"wp:featuredmedia":[{"embeddable":true,"href":"https:\/\/ops.dwikozy.gmina.pl\/index.php\/wp-json\/wp\/v2\/media\/325"}],"wp:attachment":[{"href":"https:\/\/ops.dwikozy.gmina.pl\/index.php\/wp-json\/wp\/v2\/media?parent=326"}],"wp:term":[{"taxonomy":"category","embeddable":true,"href":"https:\/\/ops.dwikozy.gmina.pl\/index.php\/wp-json\/wp\/v2\/categories?post=326"},{"taxonomy":"post_tag","embeddable":true,"href":"https:\/\/ops.dwikozy.gmina.pl\/index.php\/wp-json\/wp\/v2\/tags?post=326"}],"curies":[{"name":"wp","href":"https:\/\/api.w.org\/{rel}","templated":true}]}}