{"id":703,"date":"2023-01-09T15:01:35","date_gmt":"2023-01-09T14:01:35","guid":{"rendered":"https:\/\/ops.dwikozy.gmina.pl\/?p=703"},"modified":"2023-01-17T03:08:11","modified_gmt":"2023-01-17T02:08:11","slug":"terminy-wyplat-swiadczen-rodzinnych-i-wychowawczych-2023r","status":"publish","type":"post","link":"https:\/\/ops.dwikozy.gmina.pl\/index.php\/2023\/01\/09\/terminy-wyplat-swiadczen-rodzinnych-i-wychowawczych-2023r\/","title":{"rendered":"Terminy wyp\u0142at \u015bwiadcze\u0144 rodzinnych  i fundusz alimentacyjny 2023r."},"content":{"rendered":"\n<figure class=\"wp-block-table is-style-stripes\"><table><thead><tr><th><strong>Miesi\u0105c<\/strong><\/th><th class=\"has-text-align-center\" data-align=\"center\"><strong>Rodzaj \u015bwiadczenia<\/strong><\/th><th class=\"has-text-align-center\" data-align=\"center\"><strong>Terminy realizacji &nbsp;I i II tury list wyp\u0142at (od wskazanego dnia do 05 dnia &nbsp;nast\u0119pnego miesi\u0105ca)<\/strong><\/th><\/tr><\/thead><tbody><tr><td>STYCZE\u0143 2023r.<\/td><td class=\"has-text-align-center\" data-align=\"center\">\u015awiadczenia rodzinne i fundusz alimentacyjny<\/td><td class=\"has-text-align-center\" data-align=\"center\">19\/01\/2023 \u2013 24\/01\/2023<\/td><\/tr><tr><td>LUTY 2023r.<\/td><td class=\"has-text-align-center\" data-align=\"center\">\u015awiadczenia rodzinne i fundusz alimentacyjny<\/td><td class=\"has-text-align-center\" data-align=\"center\">17\/02\/2023 \u2013 24\/02\/2023<\/td><\/tr><tr><td>MARZEC 2023r.<\/td><td class=\"has-text-align-center\" data-align=\"center\">\u015awiadczenia rodzinne i fundusz alimentacyjny<\/td><td class=\"has-text-align-center\" data-align=\"center\">17\/03\/2023 \u2013 24\/03\/2023<\/td><\/tr><tr><td>KWIECIE\u0143 2023r.<\/td><td class=\"has-text-align-center\" data-align=\"center\">\u015awiadczenia rodzinne i fundusz alimentacyjny<\/td><td class=\"has-text-align-center\" data-align=\"center\">19\/04\/2023 \u2013 24\/04\/2023<\/td><\/tr><tr><td>MAJ 2023r.<\/td><td class=\"has-text-align-center\" data-align=\"center\">\u015awiadczenia rodzinne i fundusz alimentacyjny<\/td><td class=\"has-text-align-center\" data-align=\"center\">19\/05\/2023 \u2013 24\/05\/2023<\/td><\/tr><tr><td>CZERWIEC 2023r.<\/td><td class=\"has-text-align-center\" data-align=\"center\">\u015awiadczenia rodzinne i fundusz alimentacyjny<\/td><td class=\"has-text-align-center\" data-align=\"center\">19\/06\/2023 \u2013 23\/06\/2023<\/td><\/tr><tr><td>LIPIEC 2023r.<\/td><td class=\"has-text-align-center\" data-align=\"center\">\u015awiadczenia rodzinne i fundusz alimentacyjny<\/td><td class=\"has-text-align-center\" data-align=\"center\">19\/07\/2023 \u2013 24\/07\/2023<\/td><\/tr><tr><td>SIERPIE\u0143 2023r.<\/td><td class=\"has-text-align-center\" data-align=\"center\">\u015awiadczenia rodzinne i fundusz alimentacyjny<\/td><td class=\"has-text-align-center\" data-align=\"center\">18\/08\/2023 \u2013 24\/08\/2023<\/td><\/tr><tr><td>WRZESIE\u0143 2023r.<\/td><td class=\"has-text-align-center\" data-align=\"center\">\u015awiadczenia rodzinne i fundusz alimentacyjny<\/td><td class=\"has-text-align-center\" data-align=\"center\">19\/09\/2023 \u2013 22\/09\/2023<\/td><\/tr><tr><td>PA\u0179DZIERNIK 2023 r.<\/td><td class=\"has-text-align-center\" data-align=\"center\">\u015awiadczenia rodzinne i fundusz alimentacyjny<\/td><td class=\"has-text-align-center\" data-align=\"center\">19\/10\/2023 \u2013 24\/10\/2023<\/td><\/tr><tr><td>LISTOPAD 2023r.<\/td><td class=\"has-text-align-center\" data-align=\"center\">\u015awiadczenia rodzinne i fundusz alimentacyjny<\/td><td class=\"has-text-align-center\" data-align=\"center\">20\/11\/2023 \u2013 24\/11\/2023<\/td><\/tr><tr><td>GRUDZIE\u0143 2023r.<\/td><td class=\"has-text-align-center\" data-align=\"center\">\u015awiadczenia rodzinne i fundusz alimentacyjny<\/td><td class=\"has-text-align-center\" data-align=\"center\">18\/12\/2023 \u2013 19\/12\/2023<\/td><\/tr><\/tbody><\/table><\/figure>\n","protected":false},"excerpt":{"rendered":"<p>Miesi\u0105c Rodzaj \u015bwiadczenia Terminy realizacji &nbsp;I i II tury list wyp\u0142at (od wskazanego dnia do 05 dnia &nbsp;nast\u0119pnego miesi\u0105ca) STYCZE\u0143<\/p>\n","protected":false},"author":1,"featured_media":496,"comment_status":"closed","ping_status":"closed","sticky":false,"template":"","format":"standard","meta":{"ngg_post_thumbnail":0,"footnotes":""},"categories":[20,8,3],"tags":[],"class_list":["post-703","post","type-post","status-publish","format-standard","has-post-thumbnail","hentry","category-aktualnosci","category-sw-alimentacyjne","category-sw-rodzinne"],"_links":{"self":[{"href":"https:\/\/ops.dwikozy.gmina.pl\/index.php\/wp-json\/wp\/v2\/posts\/703","targetHints":{"allow":["GET"]}}],"collection":[{"href":"https:\/\/ops.dwikozy.gmina.pl\/index.php\/wp-json\/wp\/v2\/posts"}],"about":[{"href":"https:\/\/ops.dwikozy.gmina.pl\/index.php\/wp-json\/wp\/v2\/types\/post"}],"author":[{"embeddable":true,"href":"https:\/\/ops.dwikozy.gmina.pl\/index.php\/wp-json\/wp\/v2\/users\/1"}],"replies":[{"embeddable":true,"href":"https:\/\/ops.dwikozy.gmina.pl\/index.php\/wp-json\/wp\/v2\/comments?post=703"}],"version-history":[{"count":0,"href":"https:\/\/ops.dwikozy.gmina.pl\/index.php\/wp-json\/wp\/v2\/posts\/703\/revisions"}],"wp:featuredmedia":[{"embeddable":true,"href":"https:\/\/ops.dwikozy.gmina.pl\/index.php\/wp-json\/wp\/v2\/media\/496"}],"wp:attachment":[{"href":"https:\/\/ops.dwikozy.gmina.pl\/index.php\/wp-json\/wp\/v2\/media?parent=703"}],"wp:term":[{"taxonomy":"category","embeddable":true,"href":"https:\/\/ops.dwikozy.gmina.pl\/index.php\/wp-json\/wp\/v2\/categories?post=703"},{"taxonomy":"post_tag","embeddable":true,"href":"https:\/\/ops.dwikozy.gmina.pl\/index.php\/wp-json\/wp\/v2\/tags?post=703"}],"curies":[{"name":"wp","href":"https:\/\/api.w.org\/{rel}","templated":true}]}}